{"id":6607,"date":"2018-03-19T09:38:36","date_gmt":"2018-03-19T08:38:36","guid":{"rendered":"http:\/\/www.golfclub.ch\/?p=6607"},"modified":"2018-04-19T16:18:57","modified_gmt":"2018-04-19T14:18:57","slug":"wylihof-im-asg-vostand","status":"publish","type":"post","link":"https:\/\/stage.golfclub.ch\/en\/wylihof-im-asg-vostand\/","title":{"rendered":"Wylihof im ASG Vorstand"},"content":{"rendered":"<p>Am Samstag, 17. M\u00e4rz 2018 fand in Bern die ordentliche Delegiertenversammlung der ASG statt. Diese stand, nach turbulenten Zeiten und Gespr\u00e4chen \u00fcber die clubfreien Golfer, ganz im Zeichen einer Wachabl\u00f6sung.<br \/>\nUnser Clubpr\u00e4sident, Ren\u00e9 Misteli, wurde einstimmig in den Vorstand der ASG gew\u00e4hlt. Wir gratulieren Ren\u00e9 zu dieser ehrenvollen Wahl! Es ist f\u00fcr den Wylihof eine grosse Freude, nach 23 Jahren, im Vorstand der ASG vertreten zu sein.<\/p>\n<p>Nachdem Raphael Weibel seine Kandidatur zum Pr\u00e4sidenten der ASG zur\u00fcckgezogen hat, konnte kurzfristig Reto Bieler (Breitenloo) f\u00fcr dieses Amt gewonnen werden.<br \/>\n<a href=\"https:\/\/www.golfsuisse.ch\/public\/amateurnews.cfm?objectid=4206\">https:\/\/www.golfsuisse.ch\/public\/amateurnews.cfm?objectid=4206<\/a><\/p>\n","protected":false},"excerpt":{"rendered":"<p>Am Samstag, 17. M\u00e4rz 2018 fand in Bern die ordentliche Delegiertenversammlung der ASG statt. Diese stand, nach turbulenten Zeiten und [&hellip;]<\/p>\n","protected":false},"author":2,"featured_media":6608,"comment_status":"closed","ping_status":"closed","sticky":false,"template":"","format":"standard","meta":{"footnotes":""},"categories":[4],"tags":[],"class_list":["post-6607","post","type-post","status-publish","format-standard","has-post-thumbnail","hentry","category-news"],"acf":[],"aioseo_notices":[],"_links":{"self":[{"href":"https:\/\/stage.golfclub.ch\/en\/wp-json\/wp\/v2\/posts\/6607","targetHints":{"allow":["GET"]}}],"collection":[{"href":"https:\/\/stage.golfclub.ch\/en\/wp-json\/wp\/v2\/posts"}],"about":[{"href":"https:\/\/stage.golfclub.ch\/en\/wp-json\/wp\/v2\/types\/post"}],"author":[{"embeddable":true,"href":"https:\/\/stage.golfclub.ch\/en\/wp-json\/wp\/v2\/users\/2"}],"replies":[{"embeddable":true,"href":"https:\/\/stage.golfclub.ch\/en\/wp-json\/wp\/v2\/comments?post=6607"}],"version-history":[{"count":2,"href":"https:\/\/stage.golfclub.ch\/en\/wp-json\/wp\/v2\/posts\/6607\/revisions"}],"predecessor-version":[{"id":6693,"href":"https:\/\/stage.golfclub.ch\/en\/wp-json\/wp\/v2\/posts\/6607\/revisions\/6693"}],"wp:featuredmedia":[{"embeddable":true,"href":"https:\/\/stage.golfclub.ch\/en\/wp-json\/wp\/v2\/media\/6608"}],"wp:attachment":[{"href":"https:\/\/stage.golfclub.ch\/en\/wp-json\/wp\/v2\/media?parent=6607"}],"wp:term":[{"taxonomy":"category","embeddable":true,"href":"https:\/\/stage.golfclub.ch\/en\/wp-json\/wp\/v2\/categories?post=6607"},{"taxonomy":"post_tag","embeddable":true,"href":"https:\/\/stage.golfclub.ch\/en\/wp-json\/wp\/v2\/tags?post=6607"}],"curies":[{"name":"wp","href":"https:\/\/api.w.org\/{rel}","templated":true}]}}